{"id":199,"date":"2013-05-01T19:36:26","date_gmt":"2013-05-01T17:36:26","guid":{"rendered":"http:\/\/fotoblog.penzenstadler.de\/?p=199"},"modified":"2013-05-01T19:36:26","modified_gmt":"2013-05-01T17:36:26","slug":"feuersalamander-am-egelsee","status":"publish","type":"post","link":"http:\/\/fotoblog.penzenstadler.de\/?p=199","title":{"rendered":"Feuersalamander am Egelsee"},"content":{"rendered":"<p>Bei einem Spaziergang am Egelsee (in der N\u00e4he des Attersees) fanden wir am Waldrand diesen Feuersalamander. Das Rascheln im Laub hatte ihn verraten.<\/p>\n<div id=\"attachment_200\" style=\"width: 1010px\" class=\"wp-caption alignleft\"><a href=\"http:\/\/fotoblog.penzenstadler.de\/?attachment_id=200\" rel=\"attachment wp-att-200\"><img aria-describedby=\"caption-attachment-200\" loading=\"lazy\" class=\"size-full wp-image-200\" alt=\"Feuersalamander im Laub\" src=\"http:\/\/fotoblog.penzenstadler.de\/wp-content\/uploads\/2013\/05\/FP2013-2666-screen.jpg\" width=\"1000\" height=\"667\" srcset=\"http:\/\/fotoblog.penzenstadler.de\/wp-content\/uploads\/2013\/05\/FP2013-2666-screen.jpg 1000w, http:\/\/fotoblog.penzenstadler.de\/wp-content\/uploads\/2013\/05\/FP2013-2666-screen-300x200.jpg 300w\" sizes=\"(max-width: 1000px) 100vw, 1000px\" \/><\/a><p id=\"caption-attachment-200\" class=\"wp-caption-text\">Feuersalamander im Laub<\/p><\/div>\n<p>Er wollte nicht lange Modell stehen und fl\u00fcchtete in eine kleine H\u00f6hle, die ein vermoderter Baumstamm geschaffen hatte. Jetzt werde ich bei meinen n\u00e4chsten Runden dort nach ihm Ausschau halten.<\/p>\n<div id=\"attachment_201\" style=\"width: 1010px\" class=\"wp-caption alignleft\"><a href=\"http:\/\/fotoblog.penzenstadler.de\/?attachment_id=201\" rel=\"attachment wp-att-201\"><img aria-describedby=\"caption-attachment-201\" loading=\"lazy\" class=\"size-full wp-image-201\" alt=\"Feuersalamander\" src=\"http:\/\/fotoblog.penzenstadler.de\/wp-content\/uploads\/2013\/05\/FP2013-2675-screen.jpg\" width=\"1000\" height=\"667\" srcset=\"http:\/\/fotoblog.penzenstadler.de\/wp-content\/uploads\/2013\/05\/FP2013-2675-screen.jpg 1000w, http:\/\/fotoblog.penzenstadler.de\/wp-content\/uploads\/2013\/05\/FP2013-2675-screen-300x200.jpg 300w\" sizes=\"(max-width: 1000px) 100vw, 1000px\" \/><\/a><p id=\"caption-attachment-201\" class=\"wp-caption-text\">Feuersalamander, Fr\u00fchjahr 2013<\/p><\/div>\n","protected":false},"excerpt":{"rendered":"<p>Bei einem Spaziergang am Egelsee (in der N\u00e4he des Attersees) fanden wir am Waldrand diesen Feuersalamander. Das Rascheln im Laub hatte ihn verraten. Er wollte nicht lange Modell stehen und fl\u00fcchtete in eine kleine H\u00f6hle, die ein vermoderter Baumstamm geschaffen &hellip; <a href=\"http:\/\/fotoblog.penzenstadler.de\/?p=199\">Weiterlesen <span class=\"meta-nav\">&rarr;<\/span><\/a><\/p>\n","protected":false},"author":1,"featured_media":0,"comment_status":"closed","ping_status":"closed","sticky":false,"template":"","format":"standard","meta":[],"categories":[1],"tags":[23],"_links":{"self":[{"href":"http:\/\/fotoblog.penzenstadler.de\/index.php?rest_route=\/wp\/v2\/posts\/199"}],"collection":[{"href":"http:\/\/fotoblog.penzenstadler.de\/index.php?rest_route=\/wp\/v2\/posts"}],"about":[{"href":"http:\/\/fotoblog.penzenstadler.de\/index.php?rest_route=\/wp\/v2\/types\/post"}],"author":[{"embeddable":true,"href":"http:\/\/fotoblog.penzenstadler.de\/index.php?rest_route=\/wp\/v2\/users\/1"}],"replies":[{"embeddable":true,"href":"http:\/\/fotoblog.penzenstadler.de\/index.php?rest_route=%2Fwp%2Fv2%2Fcomments&post=199"}],"version-history":[{"count":3,"href":"http:\/\/fotoblog.penzenstadler.de\/index.php?rest_route=\/wp\/v2\/posts\/199\/revisions"}],"predecessor-version":[{"id":204,"href":"http:\/\/fotoblog.penzenstadler.de\/index.php?rest_route=\/wp\/v2\/posts\/199\/revisions\/204"}],"wp:attachment":[{"href":"http:\/\/fotoblog.penzenstadler.de\/index.php?rest_route=%2Fwp%2Fv2%2Fmedia&parent=199"}],"wp:term":[{"taxonomy":"category","embeddable":true,"href":"http:\/\/fotoblog.penzenstadler.de\/index.php?rest_route=%2Fwp%2Fv2%2Fcategories&post=199"},{"taxonomy":"post_tag","embeddable":true,"href":"http:\/\/fotoblog.penzenstadler.de\/index.php?rest_route=%2Fwp%2Fv2%2Ftags&post=199"}],"curies":[{"name":"wp","href":"https:\/\/api.w.org\/{rel}","templated":true}]}}