{"id":206,"date":"2013-05-15T00:42:38","date_gmt":"2013-05-14T22:42:38","guid":{"rendered":"http:\/\/fotoblog.penzenstadler.de\/?p=206"},"modified":"2013-05-15T00:42:38","modified_gmt":"2013-05-14T22:42:38","slug":"geier-alle-jahre-wieder","status":"publish","type":"post","link":"http:\/\/fotoblog.penzenstadler.de\/?p=206","title":{"rendered":"Geier: alle Jahre wieder &#8230;"},"content":{"rendered":"<p>Jedes Jahr sehe ich bei den Naturfototagen in FFB die Geier, die dort ausgestellt sind und bei den Vorf\u00fchrungen ihre Runden drehen. Diesmal wieder ein Portrait!<\/p>\n<p><a href=\"http:\/\/fotoblog.penzenstadler.de\/?attachment_id=207\" rel=\"attachment wp-att-207\"><img loading=\"lazy\" class=\"alignleft size-full wp-image-207\" alt=\"FP2013-2859 screen\" src=\"http:\/\/fotoblog.penzenstadler.de\/wp-content\/uploads\/2013\/05\/FP2013-2859-screen.jpg\" width=\"1000\" height=\"667\" srcset=\"http:\/\/fotoblog.penzenstadler.de\/wp-content\/uploads\/2013\/05\/FP2013-2859-screen.jpg 1000w, http:\/\/fotoblog.penzenstadler.de\/wp-content\/uploads\/2013\/05\/FP2013-2859-screen-300x200.jpg 300w\" sizes=\"(max-width: 1000px) 100vw, 1000px\" \/><\/a><br \/>\nUnd dann war da noch der Ausflug zum Attersee, auf dem R\u00fcckweg kamen wir in der blauen Stunde in Burghausen vorbei. Hier die Ansicht von der \u00f6sterreichischen Seite in der D\u00e4mmerung:<\/p>\n<p><a href=\"http:\/\/fotoblog.penzenstadler.de\/?attachment_id=208\" rel=\"attachment wp-att-208\"><img loading=\"lazy\" class=\"alignleft size-full wp-image-208\" alt=\"FP2013-2736-HDR ipad4\" src=\"http:\/\/fotoblog.penzenstadler.de\/wp-content\/uploads\/2013\/05\/FP2013-2736-HDR-ipad4.jpg\" width=\"2048\" height=\"1365\" srcset=\"http:\/\/fotoblog.penzenstadler.de\/wp-content\/uploads\/2013\/05\/FP2013-2736-HDR-ipad4.jpg 2048w, http:\/\/fotoblog.penzenstadler.de\/wp-content\/uploads\/2013\/05\/FP2013-2736-HDR-ipad4-300x199.jpg 300w, http:\/\/fotoblog.penzenstadler.de\/wp-content\/uploads\/2013\/05\/FP2013-2736-HDR-ipad4-1024x682.jpg 1024w\" sizes=\"(max-width: 2048px) 100vw, 2048px\" \/><\/a><\/p>\n<p>&nbsp;<\/p>\n","protected":false},"excerpt":{"rendered":"<p>Jedes Jahr sehe ich bei den Naturfototagen in FFB die Geier, die dort ausgestellt sind und bei den Vorf\u00fchrungen ihre Runden drehen. Diesmal wieder ein Portrait! Und dann war da noch der Ausflug zum Attersee, auf dem R\u00fcckweg kamen wir &hellip; <a href=\"http:\/\/fotoblog.penzenstadler.de\/?p=206\">Weiterlesen <span class=\"meta-nav\">&rarr;<\/span><\/a><\/p>\n","protected":false},"author":1,"featured_media":0,"comment_status":"closed","ping_status":"closed","sticky":false,"template":"","format":"standard","meta":[],"categories":[1],"tags":[],"_links":{"self":[{"href":"http:\/\/fotoblog.penzenstadler.de\/index.php?rest_route=\/wp\/v2\/posts\/206"}],"collection":[{"href":"http:\/\/fotoblog.penzenstadler.de\/index.php?rest_route=\/wp\/v2\/posts"}],"about":[{"href":"http:\/\/fotoblog.penzenstadler.de\/index.php?rest_route=\/wp\/v2\/types\/post"}],"author":[{"embeddable":true,"href":"http:\/\/fotoblog.penzenstadler.de\/index.php?rest_route=\/wp\/v2\/users\/1"}],"replies":[{"embeddable":true,"href":"http:\/\/fotoblog.penzenstadler.de\/index.php?rest_route=%2Fwp%2Fv2%2Fcomments&post=206"}],"version-history":[{"count":3,"href":"http:\/\/fotoblog.penzenstadler.de\/index.php?rest_route=\/wp\/v2\/posts\/206\/revisions"}],"predecessor-version":[{"id":211,"href":"http:\/\/fotoblog.penzenstadler.de\/index.php?rest_route=\/wp\/v2\/posts\/206\/revisions\/211"}],"wp:attachment":[{"href":"http:\/\/fotoblog.penzenstadler.de\/index.php?rest_route=%2Fwp%2Fv2%2Fmedia&parent=206"}],"wp:term":[{"taxonomy":"category","embeddable":true,"href":"http:\/\/fotoblog.penzenstadler.de\/index.php?rest_route=%2Fwp%2Fv2%2Fcategories&post=206"},{"taxonomy":"post_tag","embeddable":true,"href":"http:\/\/fotoblog.penzenstadler.de\/index.php?rest_route=%2Fwp%2Fv2%2Ftags&post=206"}],"curies":[{"name":"wp","href":"https:\/\/api.w.org\/{rel}","templated":true}]}}