{"id":256,"date":"2013-09-06T23:34:08","date_gmt":"2013-09-06T21:34:08","guid":{"rendered":"http:\/\/fotoblog.penzenstadler.de\/?p=256"},"modified":"2013-09-06T23:34:08","modified_gmt":"2013-09-06T21:34:08","slug":"feuerwerk-in-erding-und-in-unterach-am-attersee","status":"publish","type":"post","link":"http:\/\/fotoblog.penzenstadler.de\/?p=256","title":{"rendered":"Feuerwerk &#8211; in Erding und in Unterach am Attersee"},"content":{"rendered":"<p>Das Erdinger Herbstfest bietet zwei Feuerwerke &#8211; eines davon war am 3.9. \u00a0Hier die zwei besten Bilder, die ich dabei einfangen konnte:<\/p>\n<p><a href=\"http:\/\/fotoblog.penzenstadler.de\/?attachment_id=257\" rel=\"attachment wp-att-257\"><img loading=\"lazy\" class=\"alignleft size-full wp-image-257\" alt=\"FP2013-10005 screen\" src=\"http:\/\/fotoblog.penzenstadler.de\/wp-content\/uploads\/2013\/09\/FP2013-10005-screen.jpg\" width=\"1000\" height=\"667\" srcset=\"http:\/\/fotoblog.penzenstadler.de\/wp-content\/uploads\/2013\/09\/FP2013-10005-screen.jpg 1000w, http:\/\/fotoblog.penzenstadler.de\/wp-content\/uploads\/2013\/09\/FP2013-10005-screen-300x200.jpg 300w\" sizes=\"(max-width: 1000px) 100vw, 1000px\" \/><\/a> <a href=\"http:\/\/fotoblog.penzenstadler.de\/?attachment_id=258\" rel=\"attachment wp-att-258\"><img loading=\"lazy\" class=\"alignleft size-full wp-image-258\" alt=\"FP2013-10045 screen\" src=\"http:\/\/fotoblog.penzenstadler.de\/wp-content\/uploads\/2013\/09\/FP2013-10045-screen.jpg\" width=\"1000\" height=\"667\" srcset=\"http:\/\/fotoblog.penzenstadler.de\/wp-content\/uploads\/2013\/09\/FP2013-10045-screen.jpg 1000w, http:\/\/fotoblog.penzenstadler.de\/wp-content\/uploads\/2013\/09\/FP2013-10045-screen-300x200.jpg 300w\" sizes=\"(max-width: 1000px) 100vw, 1000px\" \/><\/a><\/p>\n<p>&nbsp;<\/p>\n<p>Am Sonntag ist in Erding ein weiteres Feuerwerk, falls sich das Wetter h\u00e4lt, mache ich vielleicht nochmal einen Versuch. Es geh\u00f6rt immer etwas Gl\u00fcck dazu, diese Bilder aufzunehmen (4-5 Sekunden Belichtungszeit).<\/p>\n<p>&nbsp;<\/p>\n<p>Das j\u00e4hrliche Seefest mit dem Feuerwerk in Unterach am Attersee zieht immer viele Besucher an. Dennoch gibt es Standorte, die einen guten Ausblick auf das Spektakel bieten, ohne dass man sich ins Get\u00fcmmel st\u00fcrzen muss. \u00a0Der besondere Reiz ist dann die Spiegelung dieser Lichter im See. Heuer habe ich endlich den ultimativen Standort an einem privaten Badeplatz gefunden!<\/p>\n<p><a href=\"http:\/\/fotoblog.penzenstadler.de\/?attachment_id=261\" rel=\"attachment wp-att-261\"><img loading=\"lazy\" class=\"alignleft size-full wp-image-261\" alt=\"FP2013-9093 screen\" src=\"http:\/\/fotoblog.penzenstadler.de\/wp-content\/uploads\/2013\/09\/FP2013-9093-screen.jpg\" width=\"1000\" height=\"667\" srcset=\"http:\/\/fotoblog.penzenstadler.de\/wp-content\/uploads\/2013\/09\/FP2013-9093-screen.jpg 1000w, http:\/\/fotoblog.penzenstadler.de\/wp-content\/uploads\/2013\/09\/FP2013-9093-screen-300x200.jpg 300w\" sizes=\"(max-width: 1000px) 100vw, 1000px\" \/><\/a> <a href=\"http:\/\/fotoblog.penzenstadler.de\/?attachment_id=260\" rel=\"attachment wp-att-260\"><img loading=\"lazy\" class=\"alignleft size-full wp-image-260\" alt=\"FP2013-9077 screen\" src=\"http:\/\/fotoblog.penzenstadler.de\/wp-content\/uploads\/2013\/09\/FP2013-9077-screen.jpg\" width=\"1000\" height=\"667\" srcset=\"http:\/\/fotoblog.penzenstadler.de\/wp-content\/uploads\/2013\/09\/FP2013-9077-screen.jpg 1000w, http:\/\/fotoblog.penzenstadler.de\/wp-content\/uploads\/2013\/09\/FP2013-9077-screen-300x200.jpg 300w\" sizes=\"(max-width: 1000px) 100vw, 1000px\" \/><\/a> <a href=\"http:\/\/fotoblog.penzenstadler.de\/?attachment_id=259\" rel=\"attachment wp-att-259\"><img loading=\"lazy\" class=\"alignleft size-full wp-image-259\" alt=\"FP2013-8994 screen\" src=\"http:\/\/fotoblog.penzenstadler.de\/wp-content\/uploads\/2013\/09\/FP2013-8994-screen.jpg\" width=\"1000\" height=\"667\" srcset=\"http:\/\/fotoblog.penzenstadler.de\/wp-content\/uploads\/2013\/09\/FP2013-8994-screen.jpg 1000w, http:\/\/fotoblog.penzenstadler.de\/wp-content\/uploads\/2013\/09\/FP2013-8994-screen-300x200.jpg 300w\" sizes=\"(max-width: 1000px) 100vw, 1000px\" \/><\/a><\/p>\n","protected":false},"excerpt":{"rendered":"<p>Das Erdinger Herbstfest bietet zwei Feuerwerke &#8211; eines davon war am 3.9. \u00a0Hier die zwei besten Bilder, die ich dabei einfangen konnte: &nbsp; Am Sonntag ist in Erding ein weiteres Feuerwerk, falls sich das Wetter h\u00e4lt, mache ich vielleicht nochmal &hellip; <a href=\"http:\/\/fotoblog.penzenstadler.de\/?p=256\">Weiterlesen <span class=\"meta-nav\">&rarr;<\/span><\/a><\/p>\n","protected":false},"author":1,"featured_media":0,"comment_status":"closed","ping_status":"closed","sticky":false,"template":"","format":"standard","meta":[],"categories":[1],"tags":[],"_links":{"self":[{"href":"http:\/\/fotoblog.penzenstadler.de\/index.php?rest_route=\/wp\/v2\/posts\/256"}],"collection":[{"href":"http:\/\/fotoblog.penzenstadler.de\/index.php?rest_route=\/wp\/v2\/posts"}],"about":[{"href":"http:\/\/fotoblog.penzenstadler.de\/index.php?rest_route=\/wp\/v2\/types\/post"}],"author":[{"embeddable":true,"href":"http:\/\/fotoblog.penzenstadler.de\/index.php?rest_route=\/wp\/v2\/users\/1"}],"replies":[{"embeddable":true,"href":"http:\/\/fotoblog.penzenstadler.de\/index.php?rest_route=%2Fwp%2Fv2%2Fcomments&post=256"}],"version-history":[{"count":4,"href":"http:\/\/fotoblog.penzenstadler.de\/index.php?rest_route=\/wp\/v2\/posts\/256\/revisions"}],"predecessor-version":[{"id":265,"href":"http:\/\/fotoblog.penzenstadler.de\/index.php?rest_route=\/wp\/v2\/posts\/256\/revisions\/265"}],"wp:attachment":[{"href":"http:\/\/fotoblog.penzenstadler.de\/index.php?rest_route=%2Fwp%2Fv2%2Fmedia&parent=256"}],"wp:term":[{"taxonomy":"category","embeddable":true,"href":"http:\/\/fotoblog.penzenstadler.de\/index.php?rest_route=%2Fwp%2Fv2%2Fcategories&post=256"},{"taxonomy":"post_tag","embeddable":true,"href":"http:\/\/fotoblog.penzenstadler.de\/index.php?rest_route=%2Fwp%2Fv2%2Ftags&post=256"}],"curies":[{"name":"wp","href":"https:\/\/api.w.org\/{rel}","templated":true}]}}