{"id":410,"date":"2014-10-13T19:20:45","date_gmt":"2014-10-13T17:20:45","guid":{"rendered":"http:\/\/fotoblog.penzenstadler.de\/?p=410"},"modified":"2014-10-13T19:20:45","modified_gmt":"2014-10-13T17:20:45","slug":"herbstlich","status":"publish","type":"post","link":"http:\/\/fotoblog.penzenstadler.de\/?p=410","title":{"rendered":"Herbstlich"},"content":{"rendered":"<p>Die Herbstfarben dominieren, doch leider ist es bei uns h\u00e4ufig tr\u00fcb und die Sonne kann die Farben sehr selten zum Leuchten bringen.<br \/>\nHier eine abendliche Stimmung im Moos:<br \/>\n<div id=\"attachment_397\" style=\"width: 4010px\" class=\"wp-caption alignleft\"><a href=\"http:\/\/fotoblog.penzenstadler.de\/?attachment_id=397\" rel=\"attachment wp-att-397\"><img aria-describedby=\"caption-attachment-397\" loading=\"lazy\" src=\"http:\/\/fotoblog.penzenstadler.de\/wp-content\/uploads\/2014\/10\/FP2014-4662.jpg\" alt=\"Das Moos im abendlichen Licht\" width=\"4000\" height=\"2664\" class=\"size-full wp-image-397\" srcset=\"http:\/\/fotoblog.penzenstadler.de\/wp-content\/uploads\/2014\/10\/FP2014-4662.jpg 4000w, http:\/\/fotoblog.penzenstadler.de\/wp-content\/uploads\/2014\/10\/FP2014-4662-300x199.jpg 300w, http:\/\/fotoblog.penzenstadler.de\/wp-content\/uploads\/2014\/10\/FP2014-4662-1024x681.jpg 1024w\" sizes=\"(max-width: 4000px) 100vw, 4000px\" \/><\/a><p id=\"caption-attachment-397\" class=\"wp-caption-text\">Das Moos im abendlichen Licht<\/p><\/div><\/p>\n<p>Ein Blatt habe ich eingefangen: es war auf der Oberseite gleichm\u00e4\u00dfig kupferfarben eingef\u00e4rbt, w\u00e4hrend die Unterseite noch das frische Gr\u00fcn zeigt:<br \/>\n<div id=\"attachment_411\" style=\"width: 1010px\" class=\"wp-caption alignleft\"><a href=\"http:\/\/fotoblog.penzenstadler.de\/?attachment_id=411\" rel=\"attachment wp-att-411\"><img aria-describedby=\"caption-attachment-411\" loading=\"lazy\" src=\"http:\/\/fotoblog.penzenstadler.de\/wp-content\/uploads\/2014\/10\/FP2014-4661-screen.jpg\" alt=\"Herbstfarbe\" width=\"1000\" height=\"666\" class=\"size-full wp-image-411\" srcset=\"http:\/\/fotoblog.penzenstadler.de\/wp-content\/uploads\/2014\/10\/FP2014-4661-screen.jpg 1000w, http:\/\/fotoblog.penzenstadler.de\/wp-content\/uploads\/2014\/10\/FP2014-4661-screen-300x199.jpg 300w\" sizes=\"(max-width: 1000px) 100vw, 1000px\" \/><\/a><p id=\"caption-attachment-411\" class=\"wp-caption-text\">Herbstfarbe<\/p><\/div><br \/>\nAlso bitte noch etwas mehr Sonne und mehr Herbst &#8230; der Winter wird lang genug!<\/p>\n","protected":false},"excerpt":{"rendered":"<p>Die Herbstfarben dominieren, doch leider ist es bei uns h\u00e4ufig tr\u00fcb und die Sonne kann die Farben sehr selten zum Leuchten bringen. Hier eine abendliche Stimmung im Moos: Ein Blatt habe ich eingefangen: es war auf der Oberseite gleichm\u00e4\u00dfig kupferfarben &hellip; <a href=\"http:\/\/fotoblog.penzenstadler.de\/?p=410\">Weiterlesen <span class=\"meta-nav\">&rarr;<\/span><\/a><\/p>\n","protected":false},"author":1,"featured_media":0,"comment_status":"closed","ping_status":"closed","sticky":false,"template":"","format":"standard","meta":[],"categories":[1],"tags":[],"_links":{"self":[{"href":"http:\/\/fotoblog.penzenstadler.de\/index.php?rest_route=\/wp\/v2\/posts\/410"}],"collection":[{"href":"http:\/\/fotoblog.penzenstadler.de\/index.php?rest_route=\/wp\/v2\/posts"}],"about":[{"href":"http:\/\/fotoblog.penzenstadler.de\/index.php?rest_route=\/wp\/v2\/types\/post"}],"author":[{"embeddable":true,"href":"http:\/\/fotoblog.penzenstadler.de\/index.php?rest_route=\/wp\/v2\/users\/1"}],"replies":[{"embeddable":true,"href":"http:\/\/fotoblog.penzenstadler.de\/index.php?rest_route=%2Fwp%2Fv2%2Fcomments&post=410"}],"version-history":[{"count":2,"href":"http:\/\/fotoblog.penzenstadler.de\/index.php?rest_route=\/wp\/v2\/posts\/410\/revisions"}],"predecessor-version":[{"id":413,"href":"http:\/\/fotoblog.penzenstadler.de\/index.php?rest_route=\/wp\/v2\/posts\/410\/revisions\/413"}],"wp:attachment":[{"href":"http:\/\/fotoblog.penzenstadler.de\/index.php?rest_route=%2Fwp%2Fv2%2Fmedia&parent=410"}],"wp:term":[{"taxonomy":"category","embeddable":true,"href":"http:\/\/fotoblog.penzenstadler.de\/index.php?rest_route=%2Fwp%2Fv2%2Fcategories&post=410"},{"taxonomy":"post_tag","embeddable":true,"href":"http:\/\/fotoblog.penzenstadler.de\/index.php?rest_route=%2Fwp%2Fv2%2Ftags&post=410"}],"curies":[{"name":"wp","href":"https:\/\/api.w.org\/{rel}","templated":true}]}}