{"id":447,"date":"2015-07-03T23:15:26","date_gmt":"2015-07-03T21:15:26","guid":{"rendered":"http:\/\/fotoblog.penzenstadler.de\/?p=447"},"modified":"2015-07-03T23:15:26","modified_gmt":"2015-07-03T21:15:26","slug":"eine-vollmond-nacht-auf-dem-schafberg","status":"publish","type":"post","link":"http:\/\/fotoblog.penzenstadler.de\/?p=447","title":{"rendered":"Eine (Vollmond-) Nacht auf dem Schafberg"},"content":{"rendered":"<p>Lange haben wir davon gesprochen und auf die passende Gelegenheit (Zeit, Wetter, Laune, Anfahrt, ..) gewartet, um den Ausflug auf den Schafberg zu machen und dort zu \u00fcbernachten. Diese Woche hatte es geklappt &#8211; wir hatten bestes Wetter und einen wolkenlosen Himmel mit Vollmond.<\/p>\n<p><a href=\"http:\/\/fotoblog.penzenstadler.de\/?attachment_id=448\" rel=\"attachment wp-att-448\"><img loading=\"lazy\" src=\"http:\/\/fotoblog.penzenstadler.de\/wp-content\/uploads\/2015\/07\/P153349.jpg\" alt=\"Dampfbahn zum Schafberg\" width=\"4716\" height=\"3144\" class=\"alignleft size-full wp-image-448\" srcset=\"http:\/\/fotoblog.penzenstadler.de\/wp-content\/uploads\/2015\/07\/P153349.jpg 4716w, http:\/\/fotoblog.penzenstadler.de\/wp-content\/uploads\/2015\/07\/P153349-300x200.jpg 300w, http:\/\/fotoblog.penzenstadler.de\/wp-content\/uploads\/2015\/07\/P153349-1024x682.jpg 1024w\" sizes=\"(max-width: 4716px) 100vw, 4716px\" \/><\/a><\/p>\n<p>Bergfahrt um 14 Uhr, Zimmer beziehen und die k\u00fchlere Luft in der H\u00f6he geniessen: im Tal waren es schon \u00fcber 30 Grad.<br \/>\nKamera mit \u00fcblichen Linsen und Stativ hatte ich dabei, bis 22.30 Uhr habe ich das Haus mehrfach umrundet und dabei in alle Richtungen fotografiert.<br \/>\nNach kurzer Nachtruhe ging es um 4 Uhr wieder raus zum Sonnenaufgang, daf\u00fcr um 5 wieder ins Bett \ud83d\ude42<br \/>\nBilder sind in einer Galerie auf der Seite <a href=\"http:\/\/foto.penzenstadler.de\" title=\"Galerie mit Fotos\" target=\"_blank\">http:\/\/foto.penzenstadler.de<\/a> zu finden.  Leider konnte ich die Gemsen nicht fotografieren, sie waren um 23 Uhr auf der Wiese vor dem Hotel und haben dort gegrast.<br \/>\nNach dem Fr\u00fchst\u00fcck sind wir um 10 schon wieder abgereist, da andere Termine anstanden. Bild von der Abfahrt mit Blick auf die Schafberg Alpe.<\/p>\n<p><a href=\"http:\/\/fotoblog.penzenstadler.de\/?attachment_id=449\" rel=\"attachment wp-att-449\"><img loading=\"lazy\" src=\"http:\/\/fotoblog.penzenstadler.de\/wp-content\/uploads\/2015\/07\/P153336.jpg\" alt=\"Schafberg Alpe\" width=\"4896\" height=\"3264\" class=\"alignleft size-full wp-image-449\" srcset=\"http:\/\/fotoblog.penzenstadler.de\/wp-content\/uploads\/2015\/07\/P153336.jpg 4896w, http:\/\/fotoblog.penzenstadler.de\/wp-content\/uploads\/2015\/07\/P153336-300x200.jpg 300w, http:\/\/fotoblog.penzenstadler.de\/wp-content\/uploads\/2015\/07\/P153336-1024x682.jpg 1024w\" sizes=\"(max-width: 4896px) 100vw, 4896px\" \/><\/a><\/p>\n<p>Die \u00dcbernachtung verbunden mit der tollen Aussicht und der Stimmung am Abend wie auch am Morgen ist eine klare Empfehlung. Details sind unter <a href=\"http:\/\/www.schafbergbahn.at\/de_at\/fahrplan\/Angebote\/nachtsb.html\" title=\"Bahn und Angebot\">Schafbergbahn<\/a> bzw. <a href=\"http:\/\/schafberg.net\" title=\"Schafberg Hotel\" target=\"_blank\">Schafberg-Hotel<\/a> zu finden!<\/p>\n","protected":false},"excerpt":{"rendered":"<p>Lange haben wir davon gesprochen und auf die passende Gelegenheit (Zeit, Wetter, Laune, Anfahrt, ..) gewartet, um den Ausflug auf den Schafberg zu machen und dort zu \u00fcbernachten. Diese Woche hatte es geklappt &#8211; wir hatten bestes Wetter und einen &hellip; <a href=\"http:\/\/fotoblog.penzenstadler.de\/?p=447\">Weiterlesen <span class=\"meta-nav\">&rarr;<\/span><\/a><\/p>\n","protected":false},"author":1,"featured_media":0,"comment_status":"closed","ping_status":"closed","sticky":false,"template":"","format":"standard","meta":[],"categories":[1],"tags":[],"_links":{"self":[{"href":"http:\/\/fotoblog.penzenstadler.de\/index.php?rest_route=\/wp\/v2\/posts\/447"}],"collection":[{"href":"http:\/\/fotoblog.penzenstadler.de\/index.php?rest_route=\/wp\/v2\/posts"}],"about":[{"href":"http:\/\/fotoblog.penzenstadler.de\/index.php?rest_route=\/wp\/v2\/types\/post"}],"author":[{"embeddable":true,"href":"http:\/\/fotoblog.penzenstadler.de\/index.php?rest_route=\/wp\/v2\/users\/1"}],"replies":[{"embeddable":true,"href":"http:\/\/fotoblog.penzenstadler.de\/index.php?rest_route=%2Fwp%2Fv2%2Fcomments&post=447"}],"version-history":[{"count":6,"href":"http:\/\/fotoblog.penzenstadler.de\/index.php?rest_route=\/wp\/v2\/posts\/447\/revisions"}],"predecessor-version":[{"id":455,"href":"http:\/\/fotoblog.penzenstadler.de\/index.php?rest_route=\/wp\/v2\/posts\/447\/revisions\/455"}],"wp:attachment":[{"href":"http:\/\/fotoblog.penzenstadler.de\/index.php?rest_route=%2Fwp%2Fv2%2Fmedia&parent=447"}],"wp:term":[{"taxonomy":"category","embeddable":true,"href":"http:\/\/fotoblog.penzenstadler.de\/index.php?rest_route=%2Fwp%2Fv2%2Fcategories&post=447"},{"taxonomy":"post_tag","embeddable":true,"href":"http:\/\/fotoblog.penzenstadler.de\/index.php?rest_route=%2Fwp%2Fv2%2Ftags&post=447"}],"curies":[{"name":"wp","href":"https:\/\/api.w.org\/{rel}","templated":true}]}}