{"id":479,"date":"2017-04-09T14:42:19","date_gmt":"2017-04-09T12:42:19","guid":{"rendered":"http:\/\/fotoblog.penzenstadler.de\/?p=479"},"modified":"2017-04-09T14:42:19","modified_gmt":"2017-04-09T12:42:19","slug":"aussichtsturm-lichtenberg-ooe","status":"publish","type":"post","link":"http:\/\/fotoblog.penzenstadler.de\/?p=479","title":{"rendered":"Aussichtsturm Lichtenberg O\u00d6"},"content":{"rendered":"<p>Der Lichtenberg ist ein kleiner H\u00fcgel mit einem Aussichtsturm, von dem aus der Attersee, das H\u00f6llengebirge, der Traunstein, der Schafberg sowie der Dachstein zu sehen sind. Im Bild ist der m\u00e4chtige Traunstein im Hintergrund zu sehen.<br \/>\n<div id=\"attachment_473\" style=\"width: 1010px\" class=\"wp-caption alignleft\"><a href=\"http:\/\/fotoblog.penzenstadler.de\/?attachment_id=473\" rel=\"attachment wp-att-473\"><img aria-describedby=\"caption-attachment-473\" loading=\"lazy\" src=\"http:\/\/fotoblog.penzenstadler.de\/wp-content\/uploads\/2017\/04\/FP_P163164-screen.jpg\" alt=\"\" width=\"1000\" height=\"667\" class=\"size-full wp-image-473\" srcset=\"http:\/\/fotoblog.penzenstadler.de\/wp-content\/uploads\/2017\/04\/FP_P163164-screen.jpg 1000w, http:\/\/fotoblog.penzenstadler.de\/wp-content\/uploads\/2017\/04\/FP_P163164-screen-300x200.jpg 300w, http:\/\/fotoblog.penzenstadler.de\/wp-content\/uploads\/2017\/04\/FP_P163164-screen-768x512.jpg 768w\" sizes=\"(max-width: 1000px) 100vw, 1000px\" \/><\/a><p id=\"caption-attachment-473\" class=\"wp-caption-text\">Blick auf Attersee am Attersee<\/p><\/div><br \/>\nNachdem ich die dortige WebCam entdeckt hatte, war ein Besuch f\u00e4llig: bei sch\u00f6nem Wetter am Ende des Winters entstanden die Aufnahmen.<br \/>\n<div id=\"attachment_474\" style=\"width: 1210px\" class=\"wp-caption alignleft\"><a href=\"http:\/\/fotoblog.penzenstadler.de\/?attachment_id=474\" rel=\"attachment wp-att-474\"><img aria-describedby=\"caption-attachment-474\" loading=\"lazy\" src=\"http:\/\/fotoblog.penzenstadler.de\/wp-content\/uploads\/2017\/04\/FP_P163170-Dachstein-screen.jpg\" alt=\"\" width=\"1200\" height=\"800\" class=\"size-full wp-image-474\" srcset=\"http:\/\/fotoblog.penzenstadler.de\/wp-content\/uploads\/2017\/04\/FP_P163170-Dachstein-screen.jpg 1200w, http:\/\/fotoblog.penzenstadler.de\/wp-content\/uploads\/2017\/04\/FP_P163170-Dachstein-screen-300x200.jpg 300w, http:\/\/fotoblog.penzenstadler.de\/wp-content\/uploads\/2017\/04\/FP_P163170-Dachstein-screen-768x512.jpg 768w, http:\/\/fotoblog.penzenstadler.de\/wp-content\/uploads\/2017\/04\/FP_P163170-Dachstein-screen-1024x683.jpg 1024w\" sizes=\"(max-width: 1200px) 100vw, 1200px\" \/><\/a><p id=\"caption-attachment-474\" class=\"wp-caption-text\">Dachstein im sp\u00e4ten Winter<br \/><\/p><\/div><br \/>\nH\u00e4ufig ist der Dachstein in Wolken geh\u00fcllt, aber an diesem Tag war es eine perfekte Aussicht.  Den n\u00e4chsten Besuch dort mache ich dann am fr\u00fchen Abend, so dass im schr\u00e4g einfallenden Licht die Strukturen noch besser erkennbar werden.<\/p>\n","protected":false},"excerpt":{"rendered":"<p>Der Lichtenberg ist ein kleiner H\u00fcgel mit einem Aussichtsturm, von dem aus der Attersee, das H\u00f6llengebirge, der Traunstein, der Schafberg sowie der Dachstein zu sehen sind. Im Bild ist der m\u00e4chtige Traunstein im Hintergrund zu sehen. Nachdem ich die dortige &hellip; <a href=\"http:\/\/fotoblog.penzenstadler.de\/?p=479\">Weiterlesen <span class=\"meta-nav\">&rarr;<\/span><\/a><\/p>\n","protected":false},"author":1,"featured_media":0,"comment_status":"closed","ping_status":"closed","sticky":false,"template":"","format":"standard","meta":[],"categories":[1],"tags":[],"_links":{"self":[{"href":"http:\/\/fotoblog.penzenstadler.de\/index.php?rest_route=\/wp\/v2\/posts\/479"}],"collection":[{"href":"http:\/\/fotoblog.penzenstadler.de\/index.php?rest_route=\/wp\/v2\/posts"}],"about":[{"href":"http:\/\/fotoblog.penzenstadler.de\/index.php?rest_route=\/wp\/v2\/types\/post"}],"author":[{"embeddable":true,"href":"http:\/\/fotoblog.penzenstadler.de\/index.php?rest_route=\/wp\/v2\/users\/1"}],"replies":[{"embeddable":true,"href":"http:\/\/fotoblog.penzenstadler.de\/index.php?rest_route=%2Fwp%2Fv2%2Fcomments&post=479"}],"version-history":[{"count":2,"href":"http:\/\/fotoblog.penzenstadler.de\/index.php?rest_route=\/wp\/v2\/posts\/479\/revisions"}],"predecessor-version":[{"id":481,"href":"http:\/\/fotoblog.penzenstadler.de\/index.php?rest_route=\/wp\/v2\/posts\/479\/revisions\/481"}],"wp:attachment":[{"href":"http:\/\/fotoblog.penzenstadler.de\/index.php?rest_route=%2Fwp%2Fv2%2Fmedia&parent=479"}],"wp:term":[{"taxonomy":"category","embeddable":true,"href":"http:\/\/fotoblog.penzenstadler.de\/index.php?rest_route=%2Fwp%2Fv2%2Fcategories&post=479"},{"taxonomy":"post_tag","embeddable":true,"href":"http:\/\/fotoblog.penzenstadler.de\/index.php?rest_route=%2Fwp%2Fv2%2Ftags&post=479"}],"curies":[{"name":"wp","href":"https:\/\/api.w.org\/{rel}","templated":true}]}}