{"id":594,"date":"2021-11-24T15:45:06","date_gmt":"2021-11-24T14:45:06","guid":{"rendered":"http:\/\/fotoblog.penzenstadler.de\/?p=594"},"modified":"2021-11-24T15:45:06","modified_gmt":"2021-11-24T14:45:06","slug":"spaetherbst-am-attersee","status":"publish","type":"post","link":"http:\/\/fotoblog.penzenstadler.de\/?p=594","title":{"rendered":"Sp\u00e4therbst am Attersee"},"content":{"rendered":"\n<p>Die Wiesen sind braun, die letzten Bl\u00e4tter k\u00e4mpfen mit dem Absturz in die nassen Wiesen und werden in wenigen Tagen unter dem Schnee ihren Winterschlaf halten. <\/p>\n\n\n\n<figure class=\"wp-block-image size-large is-resized\"><img loading=\"lazy\" src=\"http:\/\/fotoblog.penzenstadler.de\/wp-content\/uploads\/2021\/11\/R6_1389-1024x683.jpg\" alt=\"\" class=\"wp-image-595\" width=\"666\" height=\"443\" srcset=\"http:\/\/fotoblog.penzenstadler.de\/wp-content\/uploads\/2021\/11\/R6_1389-1024x683.jpg 1024w, http:\/\/fotoblog.penzenstadler.de\/wp-content\/uploads\/2021\/11\/R6_1389-300x200.jpg 300w, http:\/\/fotoblog.penzenstadler.de\/wp-content\/uploads\/2021\/11\/R6_1389-768x512.jpg 768w, http:\/\/fotoblog.penzenstadler.de\/wp-content\/uploads\/2021\/11\/R6_1389-1536x1024.jpg 1536w, http:\/\/fotoblog.penzenstadler.de\/wp-content\/uploads\/2021\/11\/R6_1389-2048x1365.jpg 2048w\" sizes=\"(max-width: 666px) 100vw, 666px\" \/><figcaption>Wanderweg am Egelsee, Nebeltage.<\/figcaption><\/figure>\n\n\n\n<figure class=\"wp-block-image size-large is-resized\"><img loading=\"lazy\" src=\"http:\/\/fotoblog.penzenstadler.de\/wp-content\/uploads\/2021\/11\/R6_1397-1024x683.jpg\" alt=\"\" class=\"wp-image-596\" width=\"667\" height=\"444\" srcset=\"http:\/\/fotoblog.penzenstadler.de\/wp-content\/uploads\/2021\/11\/R6_1397-1024x683.jpg 1024w, http:\/\/fotoblog.penzenstadler.de\/wp-content\/uploads\/2021\/11\/R6_1397-300x200.jpg 300w, http:\/\/fotoblog.penzenstadler.de\/wp-content\/uploads\/2021\/11\/R6_1397-768x512.jpg 768w, http:\/\/fotoblog.penzenstadler.de\/wp-content\/uploads\/2021\/11\/R6_1397-1536x1024.jpg 1536w, http:\/\/fotoblog.penzenstadler.de\/wp-content\/uploads\/2021\/11\/R6_1397-2048x1365.jpg 2048w\" sizes=\"(max-width: 667px) 100vw, 667px\" \/><figcaption>Novemberstimmung- grau, kalt, dunstig.<\/figcaption><\/figure>\n\n\n\n<figure class=\"wp-block-image size-large is-resized\"><img loading=\"lazy\" src=\"http:\/\/fotoblog.penzenstadler.de\/wp-content\/uploads\/2021\/11\/R6_1412-1024x683.jpg\" alt=\"\" class=\"wp-image-597\" width=\"667\" height=\"444\" srcset=\"http:\/\/fotoblog.penzenstadler.de\/wp-content\/uploads\/2021\/11\/R6_1412-1024x683.jpg 1024w, http:\/\/fotoblog.penzenstadler.de\/wp-content\/uploads\/2021\/11\/R6_1412-300x200.jpg 300w, http:\/\/fotoblog.penzenstadler.de\/wp-content\/uploads\/2021\/11\/R6_1412-768x512.jpg 768w, http:\/\/fotoblog.penzenstadler.de\/wp-content\/uploads\/2021\/11\/R6_1412-1536x1024.jpg 1536w, http:\/\/fotoblog.penzenstadler.de\/wp-content\/uploads\/2021\/11\/R6_1412-2048x1365.jpg 2048w\" sizes=\"(max-width: 667px) 100vw, 667px\" \/><figcaption>Buchenbl\u00e4tter geh\u00f6ren zu den letzten Bl\u00e4ttern der Saison<\/figcaption><\/figure>\n\n\n\n<p>Von Nu\u00dfdorf aus kann man am Waldrand hochgehen und \u00fcber dem Ort den Ausblick auf die  Gegend genie\u00dfen. Der Ort hei\u00dft &#8222;Pfarrer Salettl&#8220;, eine kleine Holzh\u00fctte mit B\u00e4nken und einem Feuerplatz motivieren zur Rast.<\/p>\n\n\n\n<figure class=\"wp-block-image size-large is-resized\"><img loading=\"lazy\" src=\"http:\/\/fotoblog.penzenstadler.de\/wp-content\/uploads\/2021\/11\/R6_1517-1024x683.jpg\" alt=\"\" class=\"wp-image-598\" width=\"668\" height=\"445\" srcset=\"http:\/\/fotoblog.penzenstadler.de\/wp-content\/uploads\/2021\/11\/R6_1517-1024x683.jpg 1024w, http:\/\/fotoblog.penzenstadler.de\/wp-content\/uploads\/2021\/11\/R6_1517-300x200.jpg 300w, http:\/\/fotoblog.penzenstadler.de\/wp-content\/uploads\/2021\/11\/R6_1517-768x512.jpg 768w, http:\/\/fotoblog.penzenstadler.de\/wp-content\/uploads\/2021\/11\/R6_1517-1536x1024.jpg 1536w, http:\/\/fotoblog.penzenstadler.de\/wp-content\/uploads\/2021\/11\/R6_1517-2048x1365.jpg 2048w\" sizes=\"(max-width: 668px) 100vw, 668px\" \/><figcaption>Blick nach Norden, Seewalchen und Lenzing<\/figcaption><\/figure>\n\n\n\n<p>Auf dem Heimweg waren wir pl\u00f6tzlich von Vogell\u00e4rm \u00fcberrascht und mussten erst herausfinden, woher der kam. Dann haben wir hoch \u00fcber uns einen Zug von Kranichen entdeckt &#8211; Schnellschuss mit falschem Objektiv und hier als Ausschnitt wiedergegeben:<\/p>\n\n\n\n<figure class=\"wp-block-image size-large is-resized\"><img loading=\"lazy\" src=\"http:\/\/fotoblog.penzenstadler.de\/wp-content\/uploads\/2021\/11\/R6_1509-1024x683.jpg\" alt=\"\" class=\"wp-image-599\" width=\"668\" height=\"445\" srcset=\"http:\/\/fotoblog.penzenstadler.de\/wp-content\/uploads\/2021\/11\/R6_1509-1024x683.jpg 1024w, http:\/\/fotoblog.penzenstadler.de\/wp-content\/uploads\/2021\/11\/R6_1509-300x200.jpg 300w, http:\/\/fotoblog.penzenstadler.de\/wp-content\/uploads\/2021\/11\/R6_1509-768x512.jpg 768w, http:\/\/fotoblog.penzenstadler.de\/wp-content\/uploads\/2021\/11\/R6_1509-1536x1024.jpg 1536w, http:\/\/fotoblog.penzenstadler.de\/wp-content\/uploads\/2021\/11\/R6_1509-2048x1366.jpg 2048w\" sizes=\"(max-width: 668px) 100vw, 668px\" \/><figcaption>Formationsflug der Kraniche, unterwegs nach S\u00fcden.<\/figcaption><\/figure>\n\n\n\n<p><\/p>\n","protected":false},"excerpt":{"rendered":"<p>Die Wiesen sind braun, die letzten Bl\u00e4tter k\u00e4mpfen mit dem Absturz in die nassen Wiesen und werden in wenigen Tagen unter dem Schnee ihren Winterschlaf halten. Von Nu\u00dfdorf aus kann man am Waldrand hochgehen und \u00fcber dem Ort den Ausblick &hellip; <a href=\"http:\/\/fotoblog.penzenstadler.de\/?p=594\">Weiterlesen <span class=\"meta-nav\">&rarr;<\/span><\/a><\/p>\n","protected":false},"author":1,"featured_media":0,"comment_status":"closed","ping_status":"closed","sticky":false,"template":"","format":"standard","meta":[],"categories":[1],"tags":[36,35,34],"_links":{"self":[{"href":"http:\/\/fotoblog.penzenstadler.de\/index.php?rest_route=\/wp\/v2\/posts\/594"}],"collection":[{"href":"http:\/\/fotoblog.penzenstadler.de\/index.php?rest_route=\/wp\/v2\/posts"}],"about":[{"href":"http:\/\/fotoblog.penzenstadler.de\/index.php?rest_route=\/wp\/v2\/types\/post"}],"author":[{"embeddable":true,"href":"http:\/\/fotoblog.penzenstadler.de\/index.php?rest_route=\/wp\/v2\/users\/1"}],"replies":[{"embeddable":true,"href":"http:\/\/fotoblog.penzenstadler.de\/index.php?rest_route=%2Fwp%2Fv2%2Fcomments&post=594"}],"version-history":[{"count":1,"href":"http:\/\/fotoblog.penzenstadler.de\/index.php?rest_route=\/wp\/v2\/posts\/594\/revisions"}],"predecessor-version":[{"id":600,"href":"http:\/\/fotoblog.penzenstadler.de\/index.php?rest_route=\/wp\/v2\/posts\/594\/revisions\/600"}],"wp:attachment":[{"href":"http:\/\/fotoblog.penzenstadler.de\/index.php?rest_route=%2Fwp%2Fv2%2Fmedia&parent=594"}],"wp:term":[{"taxonomy":"category","embeddable":true,"href":"http:\/\/fotoblog.penzenstadler.de\/index.php?rest_route=%2Fwp%2Fv2%2Fcategories&post=594"},{"taxonomy":"post_tag","embeddable":true,"href":"http:\/\/fotoblog.penzenstadler.de\/index.php?rest_route=%2Fwp%2Fv2%2Ftags&post=594"}],"curies":[{"name":"wp","href":"https:\/\/api.w.org\/{rel}","templated":true}]}}