{"id":602,"date":"2022-01-01T14:30:44","date_gmt":"2022-01-01T13:30:44","guid":{"rendered":"http:\/\/fotoblog.penzenstadler.de\/?p=602"},"modified":"2022-01-01T14:30:44","modified_gmt":"2022-01-01T13:30:44","slug":"neues-jahr-altes-holz-neue-objekte","status":"publish","type":"post","link":"http:\/\/fotoblog.penzenstadler.de\/?p=602","title":{"rendered":"Neues Jahr, altes Holz, neue Objekte"},"content":{"rendered":"\n<p>Liebe Leserinnen, Leser, G\u00e4ste, Freunde: allen ein gutes Neues Jahr!<br>Gesundheit, Zufriedenheit und Spa\u00df am Leben w\u00fcnsche ich allen. <\/p>\n\n\n\n<p>Dank der tr\u00fcben Tage im Dezember habe ich wieder einige Zeit im Keller beim Drechseln verbracht. Alte St\u00fccke, die im Fr\u00fchjahr bearbeitet worden sind, waren jetzt trocken genug f\u00fcr die weitere Bearbeitung und einige sind jetzt fertig, weitere noch in Arbeit.<\/p>\n\n\n\n<figure class=\"wp-block-image size-large is-resized\"><img loading=\"lazy\" src=\"http:\/\/fotoblog.penzenstadler.de\/wp-content\/uploads\/2022\/01\/IMG_1194-1024x793.jpg\" alt=\"\" class=\"wp-image-603\" width=\"666\" height=\"515\" srcset=\"http:\/\/fotoblog.penzenstadler.de\/wp-content\/uploads\/2022\/01\/IMG_1194-1024x793.jpg 1024w, http:\/\/fotoblog.penzenstadler.de\/wp-content\/uploads\/2022\/01\/IMG_1194-300x232.jpg 300w, http:\/\/fotoblog.penzenstadler.de\/wp-content\/uploads\/2022\/01\/IMG_1194-768x595.jpg 768w, http:\/\/fotoblog.penzenstadler.de\/wp-content\/uploads\/2022\/01\/IMG_1194-1536x1190.jpg 1536w, http:\/\/fotoblog.penzenstadler.de\/wp-content\/uploads\/2022\/01\/IMG_1194-2048x1587.jpg 2048w\" sizes=\"(max-width: 666px) 100vw, 666px\" \/><figcaption>Astgabel einer Eiche, ge\u00f6lt. Bekommt vielleicht noch einen Sockel. Dahinter eine Schale aus Esche mit eingewachsener Rinde.<\/figcaption><\/figure>\n\n\n\n<p>Eine andere Ansicht davon zeigt die Maserung besser:<\/p>\n\n\n\n<figure class=\"wp-block-image size-large is-resized\"><img loading=\"lazy\" src=\"http:\/\/fotoblog.penzenstadler.de\/wp-content\/uploads\/2022\/01\/IMG_1193-1024x793.jpg\" alt=\"\" class=\"wp-image-604\" width=\"666\" height=\"515\" srcset=\"http:\/\/fotoblog.penzenstadler.de\/wp-content\/uploads\/2022\/01\/IMG_1193-1024x793.jpg 1024w, http:\/\/fotoblog.penzenstadler.de\/wp-content\/uploads\/2022\/01\/IMG_1193-300x232.jpg 300w, http:\/\/fotoblog.penzenstadler.de\/wp-content\/uploads\/2022\/01\/IMG_1193-768x595.jpg 768w, http:\/\/fotoblog.penzenstadler.de\/wp-content\/uploads\/2022\/01\/IMG_1193-1536x1190.jpg 1536w, http:\/\/fotoblog.penzenstadler.de\/wp-content\/uploads\/2022\/01\/IMG_1193-2048x1587.jpg 2048w\" sizes=\"(max-width: 666px) 100vw, 666px\" \/><figcaption>Auch die Esche hat wunderbare Maserung, innen wie au\u00dfen zu sehen.<\/figcaption><\/figure>\n\n\n\n<p>Eine andere Arbeit war die kleine Schale, ein St\u00fcck aus einer alten Eibe (St\u00fcck vom Stamm, lag ein Jahr im Freien, wurde dann wieder durch Regen und Schnee nass), schon etwas rissig und schwierig zu verarbeiten.<\/p>\n\n\n\n<figure class=\"wp-block-image size-large is-resized\"><img loading=\"lazy\" src=\"http:\/\/fotoblog.penzenstadler.de\/wp-content\/uploads\/2022\/01\/camphoto_758783491-768x1024.jpg\" alt=\"\" class=\"wp-image-605\" width=\"664\" height=\"885\" srcset=\"http:\/\/fotoblog.penzenstadler.de\/wp-content\/uploads\/2022\/01\/camphoto_758783491-768x1024.jpg 768w, http:\/\/fotoblog.penzenstadler.de\/wp-content\/uploads\/2022\/01\/camphoto_758783491-225x300.jpg 225w, http:\/\/fotoblog.penzenstadler.de\/wp-content\/uploads\/2022\/01\/camphoto_758783491-1152x1536.jpg 1152w, http:\/\/fotoblog.penzenstadler.de\/wp-content\/uploads\/2022\/01\/camphoto_758783491-1536x2048.jpg 1536w, http:\/\/fotoblog.penzenstadler.de\/wp-content\/uploads\/2022\/01\/camphoto_758783491-scaled.jpg 1920w\" sizes=\"(max-width: 664px) 100vw, 664px\" \/><figcaption>Oben: Eibe &#8211; tolle Farben im Holz<br>Unten: Platane, exzentrisch gedrechselt. Sehr sch\u00f6ner Verlauf der Maserung.<\/figcaption><\/figure>\n\n\n\n<p>Ich finde Platanenholz sehr sch\u00f6n f\u00fcr Drechselarbeiten, sei es Schalen oder M\u00fchlen, die Maserung \u00fcberrascht immer wieder. Und erfreulicherweise habe ich da noch einige St\u00fccke bereitliegen, die jetzt verarbeitet werden.<\/p>\n","protected":false},"excerpt":{"rendered":"<p>Liebe Leserinnen, Leser, G\u00e4ste, Freunde: allen ein gutes Neues Jahr!Gesundheit, Zufriedenheit und Spa\u00df am Leben w\u00fcnsche ich allen. Dank der tr\u00fcben Tage im Dezember habe ich wieder einige Zeit im Keller beim Drechseln verbracht. Alte St\u00fccke, die im Fr\u00fchjahr bearbeitet &hellip; <a href=\"http:\/\/fotoblog.penzenstadler.de\/?p=602\">Weiterlesen <span class=\"meta-nav\">&rarr;<\/span><\/a><\/p>\n","protected":false},"author":1,"featured_media":0,"comment_status":"closed","ping_status":"closed","sticky":false,"template":"","format":"standard","meta":[],"categories":[1],"tags":[37,39,38],"_links":{"self":[{"href":"http:\/\/fotoblog.penzenstadler.de\/index.php?rest_route=\/wp\/v2\/posts\/602"}],"collection":[{"href":"http:\/\/fotoblog.penzenstadler.de\/index.php?rest_route=\/wp\/v2\/posts"}],"about":[{"href":"http:\/\/fotoblog.penzenstadler.de\/index.php?rest_route=\/wp\/v2\/types\/post"}],"author":[{"embeddable":true,"href":"http:\/\/fotoblog.penzenstadler.de\/index.php?rest_route=\/wp\/v2\/users\/1"}],"replies":[{"embeddable":true,"href":"http:\/\/fotoblog.penzenstadler.de\/index.php?rest_route=%2Fwp%2Fv2%2Fcomments&post=602"}],"version-history":[{"count":3,"href":"http:\/\/fotoblog.penzenstadler.de\/index.php?rest_route=\/wp\/v2\/posts\/602\/revisions"}],"predecessor-version":[{"id":608,"href":"http:\/\/fotoblog.penzenstadler.de\/index.php?rest_route=\/wp\/v2\/posts\/602\/revisions\/608"}],"wp:attachment":[{"href":"http:\/\/fotoblog.penzenstadler.de\/index.php?rest_route=%2Fwp%2Fv2%2Fmedia&parent=602"}],"wp:term":[{"taxonomy":"category","embeddable":true,"href":"http:\/\/fotoblog.penzenstadler.de\/index.php?rest_route=%2Fwp%2Fv2%2Fcategories&post=602"},{"taxonomy":"post_tag","embeddable":true,"href":"http:\/\/fotoblog.penzenstadler.de\/index.php?rest_route=%2Fwp%2Fv2%2Ftags&post=602"}],"curies":[{"name":"wp","href":"https:\/\/api.w.org\/{rel}","templated":true}]}}