{"id":610,"date":"2022-03-20T23:02:14","date_gmt":"2022-03-20T22:02:14","guid":{"rendered":"http:\/\/fotoblog.penzenstadler.de\/?p=610"},"modified":"2022-09-05T00:33:27","modified_gmt":"2022-09-04T22:33:27","slug":"moosinninger-eiche","status":"publish","type":"post","link":"http:\/\/fotoblog.penzenstadler.de\/?p=610","title":{"rendered":"Moosinninger Esche"},"content":{"rendered":"\n<figure class=\"wp-block-image size-large is-resized\"><img loading=\"lazy\" src=\"http:\/\/fotoblog.penzenstadler.de\/wp-content\/uploads\/2022\/03\/IMG_1412-1024x768.jpg\" alt=\"\" class=\"wp-image-614\" width=\"668\" height=\"500\" srcset=\"http:\/\/fotoblog.penzenstadler.de\/wp-content\/uploads\/2022\/03\/IMG_1412-1024x768.jpg 1024w, http:\/\/fotoblog.penzenstadler.de\/wp-content\/uploads\/2022\/03\/IMG_1412-300x225.jpg 300w, http:\/\/fotoblog.penzenstadler.de\/wp-content\/uploads\/2022\/03\/IMG_1412-768x576.jpg 768w, http:\/\/fotoblog.penzenstadler.de\/wp-content\/uploads\/2022\/03\/IMG_1412-1536x1152.jpg 1536w, http:\/\/fotoblog.penzenstadler.de\/wp-content\/uploads\/2022\/03\/IMG_1412-2048x1536.jpg 2048w\" sizes=\"(max-width: 668px) 100vw, 668px\" \/><figcaption>Der Bauhof musste ein m\u00e4chtige Esche f\u00e4llen. Das war ein gro\u00dfer Baum, dessen Stamm ich nicht umfassen konnte. Beim Fahrrad fahren entdeckt.<\/figcaption><\/figure>\n\n\n\n<p>Kurzfristig konnte ich die Genehmigung bekommen, mir da einige St\u00fccke zum Drechseln zu holen. Die gro\u00dfen Stammteile kann ich mit der kleinen Motors\u00e4ge nicht zerlegen, daher nahm ich kleinere St\u00fccke von den \u00c4sten.<\/p>\n\n\n\n<figure class=\"wp-block-image size-large is-resized\"><img loading=\"lazy\" src=\"http:\/\/fotoblog.penzenstadler.de\/wp-content\/uploads\/2022\/03\/IMG_1409-768x1024.jpg\" alt=\"\" class=\"wp-image-615\" width=\"670\" height=\"893\" srcset=\"http:\/\/fotoblog.penzenstadler.de\/wp-content\/uploads\/2022\/03\/IMG_1409-768x1024.jpg 768w, http:\/\/fotoblog.penzenstadler.de\/wp-content\/uploads\/2022\/03\/IMG_1409-225x300.jpg 225w, http:\/\/fotoblog.penzenstadler.de\/wp-content\/uploads\/2022\/03\/IMG_1409-1152x1536.jpg 1152w, http:\/\/fotoblog.penzenstadler.de\/wp-content\/uploads\/2022\/03\/IMG_1409-1536x2048.jpg 1536w, http:\/\/fotoblog.penzenstadler.de\/wp-content\/uploads\/2022\/03\/IMG_1409-scaled.jpg 1920w\" sizes=\"(max-width: 670px) 100vw, 670px\" \/><figcaption>Bereits im Auto verladen &#8211; danke an Sabine f\u00fcr die prompte Hilfe dabei!<\/figcaption><\/figure>\n\n\n\n<p>Die n\u00e4chste Arbeit war das Zerlegen in Drechselteile im Hinterhof. Ist klar, dass es anstrengend war, nasses Holz ist schwer!<\/p>\n\n\n\n<figure class=\"wp-block-image size-large\"><img loading=\"lazy\" width=\"768\" height=\"1024\" src=\"http:\/\/fotoblog.penzenstadler.de\/wp-content\/uploads\/2022\/03\/IMG_1426-768x1024.jpg\" alt=\"\" class=\"wp-image-616\" srcset=\"http:\/\/fotoblog.penzenstadler.de\/wp-content\/uploads\/2022\/03\/IMG_1426-768x1024.jpg 768w, http:\/\/fotoblog.penzenstadler.de\/wp-content\/uploads\/2022\/03\/IMG_1426-225x300.jpg 225w, http:\/\/fotoblog.penzenstadler.de\/wp-content\/uploads\/2022\/03\/IMG_1426-1152x1536.jpg 1152w, http:\/\/fotoblog.penzenstadler.de\/wp-content\/uploads\/2022\/03\/IMG_1426-1536x2048.jpg 1536w, http:\/\/fotoblog.penzenstadler.de\/wp-content\/uploads\/2022\/03\/IMG_1426-scaled.jpg 1920w\" sizes=\"(max-width: 768px) 100vw, 768px\" \/><figcaption>Das war der erste Schritt, die St\u00fccke sind ausgesprochen sch\u00f6n und ohne \u00c4ste. Zwei St\u00fccke aus einer Astgabel habe ich bewu\u00dft ausgew\u00e4hlt, ergibt spannende Formen &#8230; sp\u00e4ter!<\/figcaption><\/figure>\n\n\n\n<figure class=\"wp-block-image size-large\"><img loading=\"lazy\" width=\"768\" height=\"1024\" src=\"http:\/\/fotoblog.penzenstadler.de\/wp-content\/uploads\/2022\/03\/IMG_1427-1-768x1024.jpg\" alt=\"\" class=\"wp-image-617\" srcset=\"http:\/\/fotoblog.penzenstadler.de\/wp-content\/uploads\/2022\/03\/IMG_1427-1-768x1024.jpg 768w, http:\/\/fotoblog.penzenstadler.de\/wp-content\/uploads\/2022\/03\/IMG_1427-1-225x300.jpg 225w, http:\/\/fotoblog.penzenstadler.de\/wp-content\/uploads\/2022\/03\/IMG_1427-1-1152x1536.jpg 1152w, http:\/\/fotoblog.penzenstadler.de\/wp-content\/uploads\/2022\/03\/IMG_1427-1-1536x2048.jpg 1536w, http:\/\/fotoblog.penzenstadler.de\/wp-content\/uploads\/2022\/03\/IMG_1427-1-scaled.jpg 1920w\" sizes=\"(max-width: 768px) 100vw, 768px\" \/><figcaption>Zuschnitt der Bl\u00f6cke f\u00fcr Schalen gleich nach Augenma\u00df (und einer kleiner Hilfe mit dem Zirkel) mit der Motors\u00e4ge. So reduziert sich der Aufwand beim Drechseln etwas. Das gibt eine Menge Arbeit, denn 15 Schalen wollen erst mal gedrechselt sein.<\/figcaption><\/figure>\n\n\n\n<p>Die Zuschnitte habe ich dann am n\u00e4chsten Tag gleich in vorhandene Tr\u00f6ge gepackt, mit etwas Wasser f\u00fcr ausreichend Feuchtigkeit gesorgt und abgedeckt. Die ersten beiden Schalen sind dann gleich verarbeitet worden &#8211; mit d\u00fcnnen W\u00e4nden, so dass die langsame Trocknung hoffentlich keine Risse verursacht.<\/p>\n\n\n\n<figure class=\"wp-block-image size-large is-resized\"><img loading=\"lazy\" src=\"http:\/\/fotoblog.penzenstadler.de\/wp-content\/uploads\/2022\/03\/IMG_1431-576x1024.jpg\" alt=\"\" class=\"wp-image-618\" width=\"576\" height=\"1024\" srcset=\"http:\/\/fotoblog.penzenstadler.de\/wp-content\/uploads\/2022\/03\/IMG_1431-576x1024.jpg 576w, http:\/\/fotoblog.penzenstadler.de\/wp-content\/uploads\/2022\/03\/IMG_1431-169x300.jpg 169w, http:\/\/fotoblog.penzenstadler.de\/wp-content\/uploads\/2022\/03\/IMG_1431-768x1365.jpg 768w, http:\/\/fotoblog.penzenstadler.de\/wp-content\/uploads\/2022\/03\/IMG_1431-864x1536.jpg 864w, http:\/\/fotoblog.penzenstadler.de\/wp-content\/uploads\/2022\/03\/IMG_1431-1152x2048.jpg 1152w, http:\/\/fotoblog.penzenstadler.de\/wp-content\/uploads\/2022\/03\/IMG_1431-scaled.jpg 1440w\" sizes=\"(max-width: 576px) 100vw, 576px\" \/><figcaption>Erste Schale in Arbeit, die nassen Sp\u00e4ne kommen in Papiert\u00fcten und werden getrocknet. Der Kachelofen freut sich darauf!<\/figcaption><\/figure>\n\n\n\n<figure class=\"wp-block-image size-large is-resized\"><img loading=\"lazy\" src=\"http:\/\/fotoblog.penzenstadler.de\/wp-content\/uploads\/2022\/03\/IMG_1433-1024x768.jpg\" alt=\"\" class=\"wp-image-619\" width=\"643\" height=\"482\" srcset=\"http:\/\/fotoblog.penzenstadler.de\/wp-content\/uploads\/2022\/03\/IMG_1433-1024x768.jpg 1024w, http:\/\/fotoblog.penzenstadler.de\/wp-content\/uploads\/2022\/03\/IMG_1433-300x225.jpg 300w, http:\/\/fotoblog.penzenstadler.de\/wp-content\/uploads\/2022\/03\/IMG_1433-768x576.jpg 768w, http:\/\/fotoblog.penzenstadler.de\/wp-content\/uploads\/2022\/03\/IMG_1433-1536x1152.jpg 1536w, http:\/\/fotoblog.penzenstadler.de\/wp-content\/uploads\/2022\/03\/IMG_1433-2048x1536.jpg 2048w\" sizes=\"(max-width: 643px) 100vw, 643px\" \/><figcaption>Schale Nummero 2. Trotz gut gesch\u00e4rften Messern sind einige Fasern nicht so toll geschnitten, aber das gelingt dann nach der Trocknung vielleicht noch besser. Abh\u00e4ngig davon, wie weit die Schalen sich verformen. <\/figcaption><\/figure>\n\n\n\n<p>Die vorgefertigten Schalen werden jetzt im &#8222;Trockendock&#8220; den Fr\u00fchling und Sommer genie\u00dfen, 13 sind ja noch zu machen. Dann im Herbst oder Winter werden sie wieder aufgespannt, nachgedrechselt oder nur geschliffen, da oft die Verformung beim Trocknen eine elliptische Form ergibt. Die Schlu\u00dfbehandlung ist dann \u00f6len mit Lein\u00f6l und ggf. noch etwas Hartwachs auftragen, das dann poliert wird.<br>Mehr also dann sp\u00e4ter dazu!<\/p>\n","protected":false},"excerpt":{"rendered":"<p>Kurzfristig konnte ich die Genehmigung bekommen, mir da einige St\u00fccke zum Drechseln zu holen. Die gro\u00dfen Stammteile kann ich mit der kleinen Motors\u00e4ge nicht zerlegen, daher nahm ich kleinere St\u00fccke von den \u00c4sten. Die n\u00e4chste Arbeit war das Zerlegen in &hellip; <a href=\"http:\/\/fotoblog.penzenstadler.de\/?p=610\">Weiterlesen <span class=\"meta-nav\">&rarr;<\/span><\/a><\/p>\n","protected":false},"author":1,"featured_media":0,"comment_status":"closed","ping_status":"closed","sticky":false,"template":"","format":"standard","meta":[],"categories":[1],"tags":[],"_links":{"self":[{"href":"http:\/\/fotoblog.penzenstadler.de\/index.php?rest_route=\/wp\/v2\/posts\/610"}],"collection":[{"href":"http:\/\/fotoblog.penzenstadler.de\/index.php?rest_route=\/wp\/v2\/posts"}],"about":[{"href":"http:\/\/fotoblog.penzenstadler.de\/index.php?rest_route=\/wp\/v2\/types\/post"}],"author":[{"embeddable":true,"href":"http:\/\/fotoblog.penzenstadler.de\/index.php?rest_route=\/wp\/v2\/users\/1"}],"replies":[{"embeddable":true,"href":"http:\/\/fotoblog.penzenstadler.de\/index.php?rest_route=%2Fwp%2Fv2%2Fcomments&post=610"}],"version-history":[{"count":3,"href":"http:\/\/fotoblog.penzenstadler.de\/index.php?rest_route=\/wp\/v2\/posts\/610\/revisions"}],"predecessor-version":[{"id":638,"href":"http:\/\/fotoblog.penzenstadler.de\/index.php?rest_route=\/wp\/v2\/posts\/610\/revisions\/638"}],"wp:attachment":[{"href":"http:\/\/fotoblog.penzenstadler.de\/index.php?rest_route=%2Fwp%2Fv2%2Fmedia&parent=610"}],"wp:term":[{"taxonomy":"category","embeddable":true,"href":"http:\/\/fotoblog.penzenstadler.de\/index.php?rest_route=%2Fwp%2Fv2%2Fcategories&post=610"},{"taxonomy":"post_tag","embeddable":true,"href":"http:\/\/fotoblog.penzenstadler.de\/index.php?rest_route=%2Fwp%2Fv2%2Ftags&post=610"}],"curies":[{"name":"wp","href":"https:\/\/api.w.org\/{rel}","templated":true}]}}