{"id":627,"date":"2022-09-03T13:45:26","date_gmt":"2022-09-03T11:45:26","guid":{"rendered":"http:\/\/fotoblog.penzenstadler.de\/?p=627"},"modified":"2022-09-03T13:45:26","modified_gmt":"2022-09-03T11:45:26","slug":"kleine-objekte-mit-shaper-kistenprojekt","status":"publish","type":"post","link":"http:\/\/fotoblog.penzenstadler.de\/?p=627","title":{"rendered":"Kleine Objekte mit Shaper, Kistenprojekt"},"content":{"rendered":"\n<p>Hier sind ein paar erste Objekte, die ich mit der neuen Fr\u00e4se machen konnte. Da ist gerade der Start erfolgt, es stehen noch viele Ideen auf der Liste. Das passende Holz mu\u00df daf\u00fcr auch gefunden werden, also dauert das alles ein wenig.<\/p>\n\n\n\n<figure class=\"wp-block-image size-full is-resized\"><img loading=\"lazy\" src=\"http:\/\/fotoblog.penzenstadler.de\/wp-content\/uploads\/2022\/09\/IMG_2076.jpg\" alt=\"\" class=\"wp-image-628\" width=\"635\" height=\"476\" srcset=\"http:\/\/fotoblog.penzenstadler.de\/wp-content\/uploads\/2022\/09\/IMG_2076.jpg 640w, http:\/\/fotoblog.penzenstadler.de\/wp-content\/uploads\/2022\/09\/IMG_2076-300x225.jpg 300w\" sizes=\"(max-width: 635px) 100vw, 635px\" \/><figcaption>Ablagen f\u00fcr Visitenkarten, Kerzenhalter.<\/figcaption><\/figure>\n\n\n\n<p>Als n\u00e4chstes wurde aus meinem <strong>Kistenprojekt 2017<\/strong> dann das <strong>Kistenprojekt 2022<\/strong>. Da es erst k\u00fcrzlich zusammengebaut und verleimt wurde, ist es seitdem im Einsatz als kleine Transportbox oder Werkzeugkiste. Aus den Erfahrungen wurde dann die Gr\u00f6\u00dfe optimiert, so dass die Kiste etwas handlicher zum Tragen ist. Die neue Version ist aus Sperrholz 5mm gefertigt und wurde dann ge\u00f6lt. <\/p>\n\n\n\n<figure class=\"wp-block-image size-full\"><img loading=\"lazy\" width=\"640\" height=\"480\" src=\"http:\/\/fotoblog.penzenstadler.de\/wp-content\/uploads\/2022\/09\/IMG_2200.jpg\" alt=\"\" class=\"wp-image-629\" srcset=\"http:\/\/fotoblog.penzenstadler.de\/wp-content\/uploads\/2022\/09\/IMG_2200.jpg 640w, http:\/\/fotoblog.penzenstadler.de\/wp-content\/uploads\/2022\/09\/IMG_2200-300x225.jpg 300w\" sizes=\"(max-width: 640px) 100vw, 640px\" \/><figcaption>Links 2017, rechts 2022, noch unbehandelt.<\/figcaption><\/figure>\n\n\n\n<p><\/p>\n\n\n\n<figure class=\"wp-block-image size-large\"><img loading=\"lazy\" width=\"1024\" height=\"798\" src=\"http:\/\/fotoblog.penzenstadler.de\/wp-content\/uploads\/2022\/09\/IMG_2259-1024x798.jpg\" alt=\"\" class=\"wp-image-630\" srcset=\"http:\/\/fotoblog.penzenstadler.de\/wp-content\/uploads\/2022\/09\/IMG_2259-1024x798.jpg 1024w, http:\/\/fotoblog.penzenstadler.de\/wp-content\/uploads\/2022\/09\/IMG_2259-300x234.jpg 300w, http:\/\/fotoblog.penzenstadler.de\/wp-content\/uploads\/2022\/09\/IMG_2259-768x598.jpg 768w, http:\/\/fotoblog.penzenstadler.de\/wp-content\/uploads\/2022\/09\/IMG_2259-1536x1197.jpg 1536w, http:\/\/fotoblog.penzenstadler.de\/wp-content\/uploads\/2022\/09\/IMG_2259.jpg 1602w\" sizes=\"(max-width: 1024px) 100vw, 1024px\" \/><figcaption>Geschliffen und farblos ge\u00f6lt.<\/figcaption><\/figure>\n\n\n\n<p><\/p>\n","protected":false},"excerpt":{"rendered":"<p>Hier sind ein paar erste Objekte, die ich mit der neuen Fr\u00e4se machen konnte. Da ist gerade der Start erfolgt, es stehen noch viele Ideen auf der Liste. Das passende Holz mu\u00df daf\u00fcr auch gefunden werden, also dauert das alles &hellip; <a href=\"http:\/\/fotoblog.penzenstadler.de\/?p=627\">Weiterlesen <span class=\"meta-nav\">&rarr;<\/span><\/a><\/p>\n","protected":false},"author":1,"featured_media":0,"comment_status":"closed","ping_status":"closed","sticky":false,"template":"","format":"standard","meta":[],"categories":[1],"tags":[],"_links":{"self":[{"href":"http:\/\/fotoblog.penzenstadler.de\/index.php?rest_route=\/wp\/v2\/posts\/627"}],"collection":[{"href":"http:\/\/fotoblog.penzenstadler.de\/index.php?rest_route=\/wp\/v2\/posts"}],"about":[{"href":"http:\/\/fotoblog.penzenstadler.de\/index.php?rest_route=\/wp\/v2\/types\/post"}],"author":[{"embeddable":true,"href":"http:\/\/fotoblog.penzenstadler.de\/index.php?rest_route=\/wp\/v2\/users\/1"}],"replies":[{"embeddable":true,"href":"http:\/\/fotoblog.penzenstadler.de\/index.php?rest_route=%2Fwp%2Fv2%2Fcomments&post=627"}],"version-history":[{"count":1,"href":"http:\/\/fotoblog.penzenstadler.de\/index.php?rest_route=\/wp\/v2\/posts\/627\/revisions"}],"predecessor-version":[{"id":631,"href":"http:\/\/fotoblog.penzenstadler.de\/index.php?rest_route=\/wp\/v2\/posts\/627\/revisions\/631"}],"wp:attachment":[{"href":"http:\/\/fotoblog.penzenstadler.de\/index.php?rest_route=%2Fwp%2Fv2%2Fmedia&parent=627"}],"wp:term":[{"taxonomy":"category","embeddable":true,"href":"http:\/\/fotoblog.penzenstadler.de\/index.php?rest_route=%2Fwp%2Fv2%2Fcategories&post=627"},{"taxonomy":"post_tag","embeddable":true,"href":"http:\/\/fotoblog.penzenstadler.de\/index.php?rest_route=%2Fwp%2Fv2%2Ftags&post=627"}],"curies":[{"name":"wp","href":"https:\/\/api.w.org\/{rel}","templated":true}]}}